{"id":2302,"date":"2025-10-03T15:14:47","date_gmt":"2025-10-03T13:14:47","guid":{"rendered":"https:\/\/www.energie-info.fr\/pro\/?p=2302"},"modified":"2025-10-03T17:17:03","modified_gmt":"2025-10-03T15:17:03","slug":"titulaire-dun-contrat-heures-pleines-heures-creuses-ce-qui-peut-changer-pour-moi-a-partir-du-1er-novembre-2025","status":"publish","type":"post","link":"https:\/\/www.energie-info.fr\/pro\/titulaire-dun-contrat-heures-pleines-heures-creuses-ce-qui-peut-changer-pour-moi-a-partir-du-1er-novembre-2025\/","title":{"rendered":"Titulaire d\u2019un contrat Heures pleines\/ Heures creuses : ce qui peut changer pour moi \u00e0 partir du 1er novembre 2025"},"content":{"rendered":"<h3><strong>Heures pleines \/ heures creuses, qu&rsquo;est-ce que c&rsquo;est ?<\/strong><\/h3>\n<p>Le dispositif d\u2019heures pleines \/ heures creuses (HP\/HC) pour les contrats de fourniture d\u2019\u00e9lectricit\u00e9 a \u00e9t\u00e9 mis en place dans les ann\u00e9es 60. Il consiste \u00e0 diviser la journ\u00e9e en plages horaires, avec deux prix diff\u00e9rents. La journ\u00e9e de 24h est divis\u00e9e en 16 heures pleines et 8 heures creuses.<\/p>\n<p>Les heures creuses peuvent \u00eatre cons\u00e9cutives ou non et leurs plages horaires sont indiqu\u00e9es sur mes factures. Elles sont diff\u00e9rentes pour chaque <span class='tooltipsall tooltipsincontent classtoolTips73'>compteur<\/span> et je ne peux pas choisir les plages horaires d&rsquo;heures creuses.<\/p>\n<blockquote><p>Avec l&rsquo;<span class='tooltipsall tooltipsincontent classtoolTips54'>option tarifaire<\/span> HP\/HC, je fais des \u00e9conomies financi\u00e8res si je r\u00e9alise au minimum au moins un tiers de ma consommation en heures creuses.<\/p><\/blockquote>\n<p>&nbsp;<\/p>\n<h3><strong>Ce qui va changer pour moi si je suis titulaire d\u2019un contrat HP \/ HC\u00a0?<\/strong><\/h3>\n<p>Si j\u2019ai un contrat en HP \/ HC, je b\u00e9n\u00e9ficierai toujours d\u2019autant d\u2019heures creuses, soit 8h par jour.<\/p>\n<p>Une r\u00e9forme a \u00e9t\u00e9 d\u00e9cid\u00e9e pour mettre en ad\u00e9quation les horaires des heures creuses avec les contraintes du r\u00e9seau et son adaptation \u00e0 la production d\u2019\u00e9lectricit\u00e9. Elle sera effective \u00e0 partir du 1<sup>er<\/sup> novembre 2025.<\/p>\n<p>De nouveaux cr\u00e9neaux vont \u00eatre mis en place pour correspondre aux heures o\u00f9 l\u2019\u00e9nergie est la plus abondante et la moins ch\u00e8re, notamment en journ\u00e9e, lorsque les \u00e9nergies renouvelables comme le photovolta\u00efque produisent davantage.<\/p>\n<p><a href=\"https:\/\/www.cre.fr\/actualites\/toute-lactualite\/la-commission-de-regulation-de-lenergie-publie-ses-projets-de-decision-sur-le-tarif-dutilisation-des-reseaux-publics-delectricite-turpe-7.html\">Consulter la d\u00e9cision de Commission de r\u00e9gulation de l\u2019\u00e9nergie<\/a><\/p>\n<p>&nbsp;<\/p>\n<h3><strong>Quels seront les nouveaux cr\u00e9neaux heures pleines \/ heures creuses\u00a0? <\/strong><\/h3>\n<p>Les heures creuses sont actuellement plac\u00e9es la nuit entre 20h et 8h le matin et l\u2019apr\u00e8s-midi entre 12h et 17h.<\/p>\n<p>A partir du 1<sup>er<\/sup> novembre 2025, des changements pourront avoir lieu\u00a0:<\/p>\n<ul>\n<li>Les heures creuses vont \u00eatre plac\u00e9es la nuit entre 23h et 7h le matin et en journ\u00e9e entre 11h et 17h.<\/li>\n<li>Il y aura toujours un minimum de 5 heures creuses la nuit.<\/li>\n<\/ul>\n<p>Et \u00e0 partir du 1<sup>er<\/sup> novembre 2026, les cr\u00e9neaux horaires des heures creuses pourront \u00eatre diff\u00e9rents en \u00e9t\u00e9 et en hiver.<\/p>\n<p>A noter : Si vous avez actuellement des heures creuses entre 7h et 11h ou entre 17h et 23h, vos cr\u00e9neaux vont probablement \u00eatre modifi\u00e9s.<\/p>\n<p>&nbsp;<\/p>\n<h3><strong>Comment conna\u00eetre les cr\u00e9neaux d&rsquo;heures creuses qui s\u2019appliqueront \u00e0 mon contrat ? <\/strong><\/h3>\n<p>Mon fournisseur me pr\u00e9viendra au moins un mois avant l\u2019entr\u00e9e en vigueur de nouveaux cr\u00e9neaux HP\/HC. Ce n\u2019est pas lui qui les d\u00e9cide mais le gestionnaire de r\u00e9seau.<\/p>\n<blockquote><p>Bon \u00e0 savoir\u00a0: les fournisseurs ont pour obligation de renseigner sur leurs factures les cr\u00e9neaux des heures creuses. \u00a0Pour en prendre connaissance, il me suffit de consulter l\u2019une de mes factures d\u2019\u00e9lectricit\u00e9.<\/p><\/blockquote>\n<p>&nbsp;<\/p>\n<p><a href=\"https:\/\/www.energie-info.fr\/wp-content\/uploads\/2025\/02\/250206_FAQ_HP-HC.pdf\"><strong>Pour en savoir plus, je consulte la FAQ consommateurs de la commission de r\u00e9gulation de l\u2019\u00e9nergie<\/strong><\/a><\/p>\n<p>&nbsp;<\/p>\n<p><em>Actualit\u00e9 du 11 f\u00e9vrier 2025, mise \u00e0 jour le 3 octobre 2025<\/em><\/p>\n<script type=\"text\/javascript\"> toolTips('.classtoolTips0','Prix de l\u2019utilisation des r\u00e9seaux publics de transport et de distribution d\u2019\u00e9lectricit\u00e9 fix\u00e9 par les pouvoirs publics. Il s\u2019agit du co\u00fbt de l\u2019acheminement de l\u2019\u00e9lectricit\u00e9. Son montant, qui figure sur les factures d\u2019\u00e9lectricit\u00e9 ,est revers\u00e9 par les fournisseurs aux gestionnaires de r\u00e9seaux de transport et de distribution.'); <\/script><script type=\"text\/javascript\"> toolTips('.classtoolTips7','Autorit\u00e9 administrative ind\u00e9pendante charg\u00e9e d\u2019assurer le bon fonctionnement des march\u00e9s de l\u2019\u00e9lectricit\u00e9 et du gaz naturel et de superviser notamment l\\'acc\u00e8s aux r\u00e9seaux de transport et de distribution. La Commission de r\u00e9gulation de l\u2019\u00e9nergie (CRE) \u00e9dicte les r\u00e8gles de fonctionnement du march\u00e9 pour \u00e9viter les entraves au d\u00e9veloppement de la concurrence. Elle poss\u00e8de un pouvoir de contr\u00f4le, d\\'audit et de sanction vis-\u00e0-vis des op\u00e9rateurs.'); <\/script><script type=\"text\/javascript\"> toolTips('.classtoolTips54','Format d\u2019enregistrement des consommations d\u2019\u00e9lectricit\u00e9.<br\/>A titre d\u2019exemples :<br\/>-Option base : le <span class='tooltipsall tooltipsincontent classtoolTips73'>compteur<\/span> enregistre les consommations sans <span class='tooltipsall tooltipsincontent classtoolTips29'>diff\u00e9renciation horaire<\/span> ; le prix de l\\'\u00e9nergie est identique tout au long de la journ\u00e9e.<br\/>-Option heures pleines\/heures creuses : le <span class='tooltipsall tooltipsincontent classtoolTips73'>compteur<\/span> enregistre les consommations selon deux plages horaires, une en \u00ab heures pleines \u00bb (HP) et une en \u00ab heures creuses \u00bb (HC) ; le prix de l\u2019\u00e9nergie est diff\u00e9rent en \u00ab heures pleines \u00bb et en \u00ab heures creuses \u00bb.<br\/><br\/>-Option Tempo pour les tarifs r\u00e8glement\u00e9s : le <span class='tooltipsall tooltipsincontent classtoolTips73'>compteur<\/span> enregistre les consommations selon six plages horaires correspondant aux heures pleines \/ heures creuses pour des jours :<br\/>1. Bleus : tarifs les plus avantageux ;<br\/>2. Blancs : tarifs interm\u00e9diaires ;<br\/>3. Rouges : tarifs les plus \u00e9lev\u00e9s.<br\/><br\/>La couleur du jour est fix\u00e9e la veille pour le lendemain. Le nombre des jours blancs et rouges dans une ann\u00e9e est limit\u00e9.<br\/><br\/>-Option EJP (en extinction) pour les tarifs r\u00e8glement\u00e9s : le compteur enregistre les consommations selon deux plages horaires (heures de pointe et heures normales). Ce type d\u2019offre n\u2019est plus propos\u00e9.'); <\/script><script type=\"text\/javascript\"> toolTips('.classtoolTips65','Dispositif d\u2019information des consommateurs d\u2019\u00e9nergie du m\u00e9diateur national de l\u2019\u00e9nergie. Il a \u00e9t\u00e9 mis en place par les pouvoirs publics et comporte une plateforme t\u00e9l\u00e9phonique : n\u00b0 vert 0800 112 212 et un site internet : energie-info.fr qui met \u00e9galement \u00e0 disposition des consommateurs un comparateur ind\u00e9pendant des offres de fourniture d\u2019\u00e9lectricit\u00e9 et de gaz naturel propos\u00e9es par l\u2019ensemble des fournisseurs.'); <\/script><script type=\"text\/javascript\"> toolTips('.classtoolTips73','Un <span class='tooltipsall tooltipsincontent classtoolTips73'>compteur<\/span> est un appareil install\u00e9 par le gestionnaire de r\u00e9seau qui mesure avec pr\u00e9cision la quantit\u00e9 d\u2019\u00e9nergie (\u00e9lectricit\u00e9 ou gaz) consomm\u00e9e dans un logement, un immeuble ou un site. Il enregistre les donn\u00e9es sous forme d\u2019index, qui servent de base au calcul des factures. Selon le type de <span class='tooltipsall tooltipsincontent classtoolTips73'>compteur<\/span> (\u00e9lectronique, m\u00e9canique ou communicant), la rel\u00e8ve peut se faire manuellement ou \u00eatre transmise automatiquement.<br\/><br\/>Le compteur n\u2019est pas la propri\u00e9t\u00e9 du consommateur d\u2019\u00e9nergie.'); <\/script>","protected":false},"excerpt":{"rendered":"<p>Heures pleines \/ heures creuses, qu&rsquo;est-ce que c&rsquo;est ? Le dispositif d\u2019heures pleines \/ heures creuses (HP\/HC) pour les contrats de fourniture d\u2019\u00e9lectricit\u00e9 a \u00e9t\u00e9 mis en place dans les ann\u00e9es 60. Il consiste \u00e0 diviser la journ\u00e9e en plages horaires, avec deux prix diff\u00e9rents. La journ\u00e9e de 24h est divis\u00e9e en 16 heures pleines [&hellip;]<\/p>\n","protected":false},"author":10,"featured_media":2303,"comment_status":"closed","ping_status":"closed","sticky":false,"template":"","format":"standard","meta":{"_acf_changed":false,"footnotes":""},"class_list":["post-2302","post","type-post","status-publish","format-standard","has-post-thumbnail","hentry"],"acf":[],"yoast_head":"<!-- This site is optimized with the Yoast SEO plugin v25.6 - https:\/\/yoast.com\/wordpress\/plugins\/seo\/ -->\n<title>Titulaire d\u2019un contrat Heures pleines\/ Heures creuses : ce qui peut changer pour moi \u00e0 partir du 1er novembre 2025 - \u00e9nergie-info PRO<\/title>\n<meta name=\"robots\" content=\"noindex, follow\" \/>\n<meta property=\"og:locale\" content=\"fr_FR\" \/>\n<meta property=\"og:type\" content=\"article\" \/>\n<meta property=\"og:title\" content=\"Heures pleines \/ heures creuses\" \/>\n<meta property=\"og:description\" content=\"Heures pleines \/ heures creuses, qu&rsquo;est-ce que c&rsquo;est ? Le dispositif d\u2019heures pleines \/ heures creuses (HP\/HC) pour les contrats de fourniture d\u2019\u00e9lectricit\u00e9 a \u00e9t\u00e9 mis en place dans les ann\u00e9es 60. Il consiste \u00e0 diviser la journ\u00e9e en plages horaires, avec deux prix diff\u00e9rents. La journ\u00e9e de 24h est divis\u00e9e en 16 heures pleines [&hellip;]\" \/>\n<meta property=\"og:url\" content=\"https:\/\/www.energie-info.fr\/pro\/titulaire-dun-contrat-heures-pleines-heures-creuses-ce-qui-peut-changer-pour-moi-a-partir-du-1er-novembre-2025\/\" \/>\n<meta property=\"og:site_name\" content=\"\u00e9nergie-info PRO\" \/>\n<meta property=\"article:publisher\" content=\"https:\/\/www.facebook.com\/mediateurenergie\" \/>\n<meta property=\"article:published_time\" content=\"2025-10-03T13:14:47+00:00\" \/>\n<meta property=\"article:modified_time\" content=\"2025-10-03T15:17:03+00:00\" \/>\n<meta property=\"og:image\" content=\"https:\/\/www.energie-info.fr\/pro\/wp-content\/uploads\/2025\/02\/hphc-1200-1080-x-1080-px-1.png\" \/>\n\t<meta property=\"og:image:width\" content=\"1080\" \/>\n\t<meta property=\"og:image:height\" content=\"1080\" \/>\n\t<meta property=\"og:image:type\" content=\"image\/png\" \/>\n<meta name=\"author\" content=\"Ambre COLOVRAY\" \/>\n<meta name=\"twitter:card\" content=\"summary_large_image\" \/>\n<meta name=\"twitter:title\" content=\"Heures pleines \/ Heures creuses\" \/>\n<meta name=\"twitter:image\" content=\"https:\/\/www.energie-info.fr\/pro\/wp-content\/uploads\/2025\/02\/hphc-1200-1080-x-1080-px-1.png\" \/>\n<meta name=\"twitter:creator\" content=\"@med_energie\" \/>\n<meta name=\"twitter:site\" content=\"@med_energie\" \/>\n<meta name=\"twitter:label1\" content=\"\u00c9crit par\" \/>\n\t<meta name=\"twitter:data1\" content=\"Ambre COLOVRAY\" \/>\n\t<meta name=\"twitter:label2\" content=\"Dur\u00e9e de lecture estim\u00e9e\" \/>\n\t<meta name=\"twitter:data2\" content=\"3 minutes\" \/>\n<script type=\"application\/ld+json\" class=\"yoast-schema-graph\">{\"@context\":\"https:\/\/schema.org\",\"@graph\":[{\"@type\":\"WebPage\",\"@id\":\"https:\/\/www.energie-info.fr\/pro\/titulaire-dun-contrat-heures-pleines-heures-creuses-ce-qui-peut-changer-pour-moi-a-partir-du-1er-novembre-2025\/\",\"url\":\"https:\/\/www.energie-info.fr\/pro\/titulaire-dun-contrat-heures-pleines-heures-creuses-ce-qui-peut-changer-pour-moi-a-partir-du-1er-novembre-2025\/\",\"name\":\"Titulaire d\u2019un contrat Heures pleines\/ Heures creuses : ce qui peut changer pour moi \u00e0 partir du 1er novembre 2025 - \u00e9nergie-info PRO\",\"isPartOf\":{\"@id\":\"https:\/\/www.energie-info.fr\/pro\/#website\"},\"primaryImageOfPage\":{\"@id\":\"https:\/\/www.energie-info.fr\/pro\/titulaire-dun-contrat-heures-pleines-heures-creuses-ce-qui-peut-changer-pour-moi-a-partir-du-1er-novembre-2025\/#primaryimage\"},\"image\":{\"@id\":\"https:\/\/www.energie-info.fr\/pro\/titulaire-dun-contrat-heures-pleines-heures-creuses-ce-qui-peut-changer-pour-moi-a-partir-du-1er-novembre-2025\/#primaryimage\"},\"thumbnailUrl\":\"https:\/\/www.energie-info.fr\/pro\/wp-content\/uploads\/2025\/02\/hphc-1200.png\",\"datePublished\":\"2025-10-03T13:14:47+00:00\",\"dateModified\":\"2025-10-03T15:17:03+00:00\",\"author\":{\"@id\":\"https:\/\/www.energie-info.fr\/pro\/#\/schema\/person\/e281a40f5c8294bd995d6c6b71c10a7e\"},\"breadcrumb\":{\"@id\":\"https:\/\/www.energie-info.fr\/pro\/titulaire-dun-contrat-heures-pleines-heures-creuses-ce-qui-peut-changer-pour-moi-a-partir-du-1er-novembre-2025\/#breadcrumb\"},\"inLanguage\":\"fr-FR\",\"potentialAction\":[{\"@type\":\"ReadAction\",\"target\":[\"https:\/\/www.energie-info.fr\/pro\/titulaire-dun-contrat-heures-pleines-heures-creuses-ce-qui-peut-changer-pour-moi-a-partir-du-1er-novembre-2025\/\"]}]},{\"@type\":\"ImageObject\",\"inLanguage\":\"fr-FR\",\"@id\":\"https:\/\/www.energie-info.fr\/pro\/titulaire-dun-contrat-heures-pleines-heures-creuses-ce-qui-peut-changer-pour-moi-a-partir-du-1er-novembre-2025\/#primaryimage\",\"url\":\"https:\/\/www.energie-info.fr\/pro\/wp-content\/uploads\/2025\/02\/hphc-1200.png\",\"contentUrl\":\"https:\/\/www.energie-info.fr\/pro\/wp-content\/uploads\/2025\/02\/hphc-1200.png\",\"width\":1200,\"height\":514},{\"@type\":\"BreadcrumbList\",\"@id\":\"https:\/\/www.energie-info.fr\/pro\/titulaire-dun-contrat-heures-pleines-heures-creuses-ce-qui-peut-changer-pour-moi-a-partir-du-1er-novembre-2025\/#breadcrumb\",\"itemListElement\":[{\"@type\":\"ListItem\",\"position\":1,\"name\":\"Accueil\",\"item\":\"https:\/\/www.energie-info.fr\/pro\/\"},{\"@type\":\"ListItem\",\"position\":2,\"name\":\"Titulaire d\u2019un contrat Heures pleines\/ Heures creuses : ce qui peut changer pour moi \u00e0 partir du 1er novembre 2025\"}]},{\"@type\":\"WebSite\",\"@id\":\"https:\/\/www.energie-info.fr\/pro\/#website\",\"url\":\"https:\/\/www.energie-info.fr\/pro\/\",\"name\":\"\u00e9nergie-info PRO\",\"description\":\"energie-info.fr, le site d&#039;information du m\u00e9diateur national de l&#039;\u00e9nergie, institution publique ind\u00e9pendante\",\"potentialAction\":[{\"@type\":\"SearchAction\",\"target\":{\"@type\":\"EntryPoint\",\"urlTemplate\":\"https:\/\/www.energie-info.fr\/pro\/?s={search_term_string}\"},\"query-input\":{\"@type\":\"PropertyValueSpecification\",\"valueRequired\":true,\"valueName\":\"search_term_string\"}}],\"inLanguage\":\"fr-FR\"},{\"@type\":\"Person\",\"@id\":\"https:\/\/www.energie-info.fr\/pro\/#\/schema\/person\/e281a40f5c8294bd995d6c6b71c10a7e\",\"name\":\"Ambre COLOVRAY\",\"image\":{\"@type\":\"ImageObject\",\"inLanguage\":\"fr-FR\",\"@id\":\"https:\/\/www.energie-info.fr\/pro\/#\/schema\/person\/image\/\",\"url\":\"https:\/\/secure.gravatar.com\/avatar\/897d4ca390bb5e92f06b9cbe8f835e49127b7c79fd1e8a8f62a71f48e2da1291?s=96&d=mm&r=g\",\"contentUrl\":\"https:\/\/secure.gravatar.com\/avatar\/897d4ca390bb5e92f06b9cbe8f835e49127b7c79fd1e8a8f62a71f48e2da1291?s=96&d=mm&r=g\",\"caption\":\"Ambre COLOVRAY\"}}]}<\/script>\n<!-- \/ Yoast SEO plugin. -->","yoast_head_json":{"title":"Titulaire d\u2019un contrat Heures pleines\/ Heures creuses : ce qui peut changer pour moi \u00e0 partir du 1er novembre 2025 - \u00e9nergie-info PRO","robots":{"index":"noindex","follow":"follow"},"og_locale":"fr_FR","og_type":"article","og_title":"Heures pleines \/ heures creuses","og_description":"Heures pleines \/ heures creuses, qu&rsquo;est-ce que c&rsquo;est ? Le dispositif d\u2019heures pleines \/ heures creuses (HP\/HC) pour les contrats de fourniture d\u2019\u00e9lectricit\u00e9 a \u00e9t\u00e9 mis en place dans les ann\u00e9es 60. Il consiste \u00e0 diviser la journ\u00e9e en plages horaires, avec deux prix diff\u00e9rents. La journ\u00e9e de 24h est divis\u00e9e en 16 heures pleines [&hellip;]","og_url":"https:\/\/www.energie-info.fr\/pro\/titulaire-dun-contrat-heures-pleines-heures-creuses-ce-qui-peut-changer-pour-moi-a-partir-du-1er-novembre-2025\/","og_site_name":"\u00e9nergie-info PRO","article_publisher":"https:\/\/www.facebook.com\/mediateurenergie","article_published_time":"2025-10-03T13:14:47+00:00","article_modified_time":"2025-10-03T15:17:03+00:00","og_image":[{"width":1080,"height":1080,"url":"https:\/\/www.energie-info.fr\/pro\/wp-content\/uploads\/2025\/02\/hphc-1200-1080-x-1080-px-1.png","type":"image\/png"}],"author":"Ambre COLOVRAY","twitter_card":"summary_large_image","twitter_title":"Heures pleines \/ Heures creuses","twitter_image":"https:\/\/www.energie-info.fr\/pro\/wp-content\/uploads\/2025\/02\/hphc-1200-1080-x-1080-px-1.png","twitter_creator":"@med_energie","twitter_site":"@med_energie","twitter_misc":{"\u00c9crit par":"Ambre COLOVRAY","Dur\u00e9e de lecture estim\u00e9e":"3 minutes"},"schema":{"@context":"https:\/\/schema.org","@graph":[{"@type":"WebPage","@id":"https:\/\/www.energie-info.fr\/pro\/titulaire-dun-contrat-heures-pleines-heures-creuses-ce-qui-peut-changer-pour-moi-a-partir-du-1er-novembre-2025\/","url":"https:\/\/www.energie-info.fr\/pro\/titulaire-dun-contrat-heures-pleines-heures-creuses-ce-qui-peut-changer-pour-moi-a-partir-du-1er-novembre-2025\/","name":"Titulaire d\u2019un contrat Heures pleines\/ Heures creuses : ce qui peut changer pour moi \u00e0 partir du 1er novembre 2025 - \u00e9nergie-info PRO","isPartOf":{"@id":"https:\/\/www.energie-info.fr\/pro\/#website"},"primaryImageOfPage":{"@id":"https:\/\/www.energie-info.fr\/pro\/titulaire-dun-contrat-heures-pleines-heures-creuses-ce-qui-peut-changer-pour-moi-a-partir-du-1er-novembre-2025\/#primaryimage"},"image":{"@id":"https:\/\/www.energie-info.fr\/pro\/titulaire-dun-contrat-heures-pleines-heures-creuses-ce-qui-peut-changer-pour-moi-a-partir-du-1er-novembre-2025\/#primaryimage"},"thumbnailUrl":"https:\/\/www.energie-info.fr\/pro\/wp-content\/uploads\/2025\/02\/hphc-1200.png","datePublished":"2025-10-03T13:14:47+00:00","dateModified":"2025-10-03T15:17:03+00:00","author":{"@id":"https:\/\/www.energie-info.fr\/pro\/#\/schema\/person\/e281a40f5c8294bd995d6c6b71c10a7e"},"breadcrumb":{"@id":"https:\/\/www.energie-info.fr\/pro\/titulaire-dun-contrat-heures-pleines-heures-creuses-ce-qui-peut-changer-pour-moi-a-partir-du-1er-novembre-2025\/#breadcrumb"},"inLanguage":"fr-FR","potentialAction":[{"@type":"ReadAction","target":["https:\/\/www.energie-info.fr\/pro\/titulaire-dun-contrat-heures-pleines-heures-creuses-ce-qui-peut-changer-pour-moi-a-partir-du-1er-novembre-2025\/"]}]},{"@type":"ImageObject","inLanguage":"fr-FR","@id":"https:\/\/www.energie-info.fr\/pro\/titulaire-dun-contrat-heures-pleines-heures-creuses-ce-qui-peut-changer-pour-moi-a-partir-du-1er-novembre-2025\/#primaryimage","url":"https:\/\/www.energie-info.fr\/pro\/wp-content\/uploads\/2025\/02\/hphc-1200.png","contentUrl":"https:\/\/www.energie-info.fr\/pro\/wp-content\/uploads\/2025\/02\/hphc-1200.png","width":1200,"height":514},{"@type":"BreadcrumbList","@id":"https:\/\/www.energie-info.fr\/pro\/titulaire-dun-contrat-heures-pleines-heures-creuses-ce-qui-peut-changer-pour-moi-a-partir-du-1er-novembre-2025\/#breadcrumb","itemListElement":[{"@type":"ListItem","position":1,"name":"Accueil","item":"https:\/\/www.energie-info.fr\/pro\/"},{"@type":"ListItem","position":2,"name":"Titulaire d\u2019un contrat Heures pleines\/ Heures creuses : ce qui peut changer pour moi \u00e0 partir du 1er novembre 2025"}]},{"@type":"WebSite","@id":"https:\/\/www.energie-info.fr\/pro\/#website","url":"https:\/\/www.energie-info.fr\/pro\/","name":"\u00e9nergie-info PRO","description":"energie-info.fr, le site d&#039;information du m\u00e9diateur national de l&#039;\u00e9nergie, institution publique ind\u00e9pendante","potentialAction":[{"@type":"SearchAction","target":{"@type":"EntryPoint","urlTemplate":"https:\/\/www.energie-info.fr\/pro\/?s={search_term_string}"},"query-input":{"@type":"PropertyValueSpecification","valueRequired":true,"valueName":"search_term_string"}}],"inLanguage":"fr-FR"},{"@type":"Person","@id":"https:\/\/www.energie-info.fr\/pro\/#\/schema\/person\/e281a40f5c8294bd995d6c6b71c10a7e","name":"Ambre COLOVRAY","image":{"@type":"ImageObject","inLanguage":"fr-FR","@id":"https:\/\/www.energie-info.fr\/pro\/#\/schema\/person\/image\/","url":"https:\/\/secure.gravatar.com\/avatar\/897d4ca390bb5e92f06b9cbe8f835e49127b7c79fd1e8a8f62a71f48e2da1291?s=96&d=mm&r=g","contentUrl":"https:\/\/secure.gravatar.com\/avatar\/897d4ca390bb5e92f06b9cbe8f835e49127b7c79fd1e8a8f62a71f48e2da1291?s=96&d=mm&r=g","caption":"Ambre COLOVRAY"}}]}},"_links":{"self":[{"href":"https:\/\/www.energie-info.fr\/pro\/wp-json\/wp\/v2\/posts\/2302","targetHints":{"allow":["GET"]}}],"collection":[{"href":"https:\/\/www.energie-info.fr\/pro\/wp-json\/wp\/v2\/posts"}],"about":[{"href":"https:\/\/www.energie-info.fr\/pro\/wp-json\/wp\/v2\/types\/post"}],"author":[{"embeddable":true,"href":"https:\/\/www.energie-info.fr\/pro\/wp-json\/wp\/v2\/users\/10"}],"replies":[{"embeddable":true,"href":"https:\/\/www.energie-info.fr\/pro\/wp-json\/wp\/v2\/comments?post=2302"}],"version-history":[{"count":2,"href":"https:\/\/www.energie-info.fr\/pro\/wp-json\/wp\/v2\/posts\/2302\/revisions"}],"predecessor-version":[{"id":2457,"href":"https:\/\/www.energie-info.fr\/pro\/wp-json\/wp\/v2\/posts\/2302\/revisions\/2457"}],"wp:featuredmedia":[{"embeddable":true,"href":"https:\/\/www.energie-info.fr\/pro\/wp-json\/wp\/v2\/media\/2303"}],"wp:attachment":[{"href":"https:\/\/www.energie-info.fr\/pro\/wp-json\/wp\/v2\/media?parent=2302"}],"curies":[{"name":"wp","href":"https:\/\/api.w.org\/{rel}","templated":true}]}}